{"id":2712,"date":"2024-06-05T16:05:27","date_gmt":"2024-06-05T14:05:27","guid":{"rendered":"https:\/\/www.swaopro.fr\/cms\/?p=2712"},"modified":"2024-06-05T16:05:28","modified_gmt":"2024-06-05T14:05:28","slug":"renovation-energetique-quelles-aides-pour-changer-sa-porte-en-2024","status":"publish","type":"post","link":"https:\/\/www.swaopro.fr\/cms\/2024\/06\/05\/renovation-energetique-quelles-aides-pour-changer-sa-porte-en-2024\/","title":{"rendered":"R\u00e9novation \u00e9nerg\u00e9tique : Quelles aides pour changer sa porte en 2024 ?"},"content":{"rendered":"\n<p>Une porte d\u2019entr\u00e9e d\u00e9fectueuse peut entra\u00eener une perte de chaleur importante et compromettre la s\u00e9curit\u00e9 de votre domicile. Afin d\u2019encourager les propri\u00e9taires de logements individuels \u00e0 optimiser les performances \u00e9nerg\u00e9tiques de leur logement, l\u2019\u00c9tat propose diff\u00e9rentes aides financi\u00e8res pour&nbsp;<strong>changer votre porte d\u2019entr\u00e9e en 2024<\/strong>.<\/p>\n\n\n\n<div style=\"height:40px\" aria-hidden=\"true\" class=\"wp-block-spacer\"><\/div>\n\n\n\n<h2 class=\"wp-block-heading\">L\u2019\u00e9co-PTZ : un pr\u00eat \u00e0 taux 0% pour favoriser la r\u00e9novation \u00e9nerg\u00e9tique<\/h2>\n\n\n\n<p>L\u2019\u00e9co-pr\u00eat \u00e0 taux z\u00e9ro est un pr\u00eat \u00e0 taux d\u2019int\u00e9r\u00eat nul, destin\u00e9 \u00e0 financer des travaux d\u2019am\u00e9lioration de la performance \u00e9nerg\u00e9tique du logement.<\/p>\n\n\n\n<p>Sont concern\u00e9s par ce pr\u00eat 3 grandes cat\u00e9gories de travaux :<\/p>\n\n\n\n<ul class=\"wp-block-list\"><li>Les travaux de&nbsp;<strong>r\u00e9novation&nbsp;ponctuelle<\/strong>&nbsp;permettant \u00e0 votre logement d\u2019am\u00e9liorer sa performance \u00e9nerg\u00e9tique (par exemple, isolation de votre toiture, changement de fen\u00eatres et\/ou de chauffage)<\/li><li>Les travaux de&nbsp;<strong>r\u00e9novation&nbsp;globale<\/strong>&nbsp;permettant \u00e0 votre logement d\u2019atteindre une&nbsp;<strong>performance \u00e9nerg\u00e9tique minimale<\/strong><\/li><li>Les travaux de r\u00e9habilitation de votre installation&nbsp;d\u2019assainissement non collectif&nbsp;par un dispositif ne consommant pas d\u2019\u00e9nergie<\/li><\/ul>\n\n\n\n<div style=\"height:40px\" aria-hidden=\"true\" class=\"wp-block-spacer\"><\/div>\n\n\n<div class=\"wp-block-image\">\n<figure class=\"aligncenter size-full is-resized\"><img loading=\"lazy\" decoding=\"async\" src=\"https:\/\/www.belmpro.fr\/wp-content\/uploads\/sites\/5\/2024\/05\/money-2724248-1280-1024x606-1.webp\" alt=\"\" class=\"wp-image-2713\" width=\"559\" height=\"331\" srcset=\"https:\/\/www.belmpro.fr\/wp-content\/uploads\/sites\/5\/2024\/05\/money-2724248-1280-1024x606-1.webp 1024w, https:\/\/www.belmpro.fr\/wp-content\/uploads\/sites\/5\/2024\/05\/money-2724248-1280-1024x606-1-300x178.webp 300w, https:\/\/www.belmpro.fr\/wp-content\/uploads\/sites\/5\/2024\/05\/money-2724248-1280-1024x606-1-768x455.webp 768w, https:\/\/www.belmpro.fr\/wp-content\/uploads\/sites\/5\/2024\/05\/money-2724248-1280-1024x606-1-600x355.webp 600w\" sizes=\"auto, (max-width: 559px) 100vw, 559px\" \/><\/figure>\n<\/div>\n\n\n<div style=\"height:40px\" aria-hidden=\"true\" class=\"wp-block-spacer\"><\/div>\n\n\n\n<p>Pour b\u00e9n\u00e9ficier de l\u2019\u00e9co-PTZ dans le cadre du remplacement de votre porte d\u2019entr\u00e9e, il est n\u00e9cessaire que celle-ci soit&nbsp;<strong>remplac\u00e9e par un mod\u00e8le plus performant<\/strong>&nbsp;et que ce changement s\u2019inscrive dans le cadre d\u2019un bouquet de travaux.<\/p>\n\n\n\n<p>Ainsi, si vous r\u00e9alisez le&nbsp;changement de votre porte d\u2019entr\u00e9e, ainsi que le&nbsp;remplacement de vos fen\u00eatres, vous pourrez emprunter jusqu\u2019\u00e0 25 000\u20ac. Si vous r\u00e9alisez un lot de 3 travaux ou plus, vous pourrez emprunter jusqu\u2019\u00e0 30 000\u20ac.<\/p>\n\n\n\n<p>Sont concern\u00e9s par cette aide l\u2019ensemble des propri\u00e9taires bailleurs ou occupants, de logements individuels achev\u00e9s depuis plus de deux ans \u00e0 date de d\u00e9but des travaux.<\/p>\n\n\n\n<div style=\"height:40px\" aria-hidden=\"true\" class=\"wp-block-spacer\"><\/div>\n\n\n\n<div class=\"wp-block-buttons is-content-justification-center is-layout-flex wp-container-core-buttons-is-layout-16018d1d wp-block-buttons-is-layout-flex\"><\/div>\n\n\n\n<h2 class=\"wp-block-heading\">La TVA \u00e0 5,5% ou \u00e0 10%<\/h2>\n\n\n\n<p><strong>La TVA \u00e0 taux r\u00e9duit<\/strong>&nbsp;se r\u00e9v\u00e8le \u00eatre une incitation fiscale avantageuse visant \u00e0 stimuler les travaux de r\u00e9novation, d\u2019am\u00e9lioration, de transformation, d\u2019am\u00e9nagement et d\u2019entretien des logements.<\/p>\n\n\n\n<p>Cette mesure s\u2019applique aux r\u00e9sidences principales ou secondaires achev\u00e9es depuis plus de 2 ans. Les b\u00e9n\u00e9ficiaires de cette r\u00e9duction incluent les propri\u00e9taires occupants ou bailleurs, les syndicats de propri\u00e9taires, les locataires, occupants \u00e0 titre gratuit, ainsi que les soci\u00e9t\u00e9s civiles immobili\u00e8res (SCI).<\/p>\n\n\n\n<div style=\"height:40px\" aria-hidden=\"true\" class=\"wp-block-spacer\"><\/div>\n\n\n\n<h3 class=\"wp-block-heading\">La TVA \u00e0 5,5%<\/h3>\n\n\n\n<p>Le taux de TVA r\u00e9duit \u00e0 5,5% s\u2019applique aux travaux destin\u00e9s \u00e0&nbsp;<strong>am\u00e9liorer la performance \u00e9nerg\u00e9tique d\u2019un logement<\/strong>, incluant les d\u00e9penses li\u00e9es \u00e0 l\u2019\u00e9conomie d\u2019\u00e9nergie, \u00e0 l\u2019isolation thermique et \u00e0 l\u2019installation d\u2019\u00e9quipements d\u00e9di\u00e9s \u00e0 la production d\u2019\u00e9nergie.<\/p>\n\n\n<div class=\"wp-block-image\">\n<figure class=\"aligncenter size-full\"><img loading=\"lazy\" decoding=\"async\" width=\"236\" height=\"213\" src=\"https:\/\/www.belmpro.fr\/wp-content\/uploads\/sites\/5\/2024\/05\/images.webp\" alt=\"\" class=\"wp-image-2715\" \/><\/figure>\n<\/div>\n\n\n<p>Ainsi, ce taux de TVA \u00e0 5,5% est applicable dans le cadre de&nbsp;<strong>l\u2019achat d\u2019une nouvelle porte d\u2019entr\u00e9e<\/strong>, ou m\u00eame de nouvelles fen\u00eatres, sous r\u00e9serve que ces nouvelles menuiseries respectent les crit\u00e8res de performances minimales d\u00e9taill\u00e9s dans le&nbsp;<a rel=\"noreferrer noopener\" href=\"https:\/\/www.legifrance.gouv.fr\/codes\/article_lc\/LEGIARTI000037993058\" target=\"_blank\" style=\"#f39200\">code g\u00e9n\u00e9ral des imp\u00f4ts<\/a>, notamment ceux \u00e9nonc\u00e9s \u00e0&nbsp;<a rel=\"noreferrer noopener\" href=\"https:\/\/www.legifrance.gouv.fr\/codes\/article_lc\/LEGIARTI000038209563\" target=\"_blank\" style=\"#f39200\">l\u2019article 18 bis de l\u2019annexe 4 du CGI.<\/a><\/p>\n\n\n\n<div style=\"height:40px\" aria-hidden=\"true\" class=\"wp-block-spacer\"><\/div>\n\n\n\n<h3 class=\"wp-block-heading\">La TVA \u00e0 10%<\/h3>\n\n\n\n<p>Le taux de TVA r\u00e9duit \u00e0 10% s\u2019applique aux prestations de main-d\u2019\u0153uvre, les mati\u00e8res premi\u00e8res et les fournitures n\u00e9cessaires \u00e0 la r\u00e9alisation des travaux, y compris les syst\u00e8mes d\u2019ouverture comme&nbsp;<strong>les portes, fen\u00eatres ou portes-fen\u00eatres qui ne sont pas \u00e9ligibles au taux de 5,5%.<\/strong><\/p>\n\n\n<div class=\"wp-block-image\">\n<figure class=\"aligncenter size-large is-resized\"><img loading=\"lazy\" decoding=\"async\" src=\"https:\/\/www.belmpro.fr\/wp-content\/uploads\/sites\/5\/2024\/05\/eco-leaf-house-outline-1024x1024-1-1024x1024.webp\" alt=\"\" class=\"wp-image-2717\" width=\"236\" height=\"236\" srcset=\"https:\/\/www.belmpro.fr\/wp-content\/uploads\/sites\/5\/2024\/05\/eco-leaf-house-outline-1024x1024-1.webp 1024w, https:\/\/www.belmpro.fr\/wp-content\/uploads\/sites\/5\/2024\/05\/eco-leaf-house-outline-1024x1024-1-300x300.webp 300w, https:\/\/www.belmpro.fr\/wp-content\/uploads\/sites\/5\/2024\/05\/eco-leaf-house-outline-1024x1024-1-150x150.webp 150w, https:\/\/www.belmpro.fr\/wp-content\/uploads\/sites\/5\/2024\/05\/eco-leaf-house-outline-1024x1024-1-768x768.webp 768w, https:\/\/www.belmpro.fr\/wp-content\/uploads\/sites\/5\/2024\/05\/eco-leaf-house-outline-1024x1024-1-600x600.webp 600w, https:\/\/www.belmpro.fr\/wp-content\/uploads\/sites\/5\/2024\/05\/eco-leaf-house-outline-1024x1024-1-100x100.webp 100w\" sizes=\"auto, (max-width: 236px) 100vw, 236px\" \/><\/figure>\n<\/div>\n\n\n<div style=\"height:40px\" aria-hidden=\"true\" class=\"wp-block-spacer\"><\/div>\n\n\n\n<h2 class=\"wp-block-heading\">Les aides \u00e0 l\u2019insonorisation des logements en zone a\u00e9roportuaire<\/h2>\n\n\n\n<p>Si vous r\u00e9sidez \u00e0 proximit\u00e9 de l\u2019un des 12 principaux a\u00e9roports fran\u00e7ais, il est possible de b\u00e9n\u00e9ficier d\u2019aides pour financer&nbsp;<strong>la r\u00e9alisation des travaux d\u2019insonorisation<\/strong>&nbsp;de votre logement, mais \u00e9galement la r\u00e9alisation d\u2019une \u00e9tude acoustique.<\/p>\n\n\n\n<div style=\"height:40px\" aria-hidden=\"true\" class=\"wp-block-spacer\"><\/div>\n\n\n<div class=\"wp-block-image\">\n<figure class=\"aligncenter size-full is-resized\"><img loading=\"lazy\" decoding=\"async\" src=\"https:\/\/www.belmpro.fr\/wp-content\/uploads\/sites\/5\/2024\/05\/place-flying-sunset-sky-1024x668-1.webp\" alt=\"\" class=\"wp-image-2718\" width=\"461\" height=\"299\" srcset=\"https:\/\/www.belmpro.fr\/wp-content\/uploads\/sites\/5\/2024\/05\/place-flying-sunset-sky-1024x668-1-300x196.webp 300w, https:\/\/www.belmpro.fr\/wp-content\/uploads\/sites\/5\/2024\/05\/place-flying-sunset-sky-1024x668-1-600x391.webp 600w\" sizes=\"auto, (max-width: 461px) 100vw, 461px\" \/><\/figure>\n<\/div>\n\n\n<div style=\"height:40px\" aria-hidden=\"true\" class=\"wp-block-spacer\"><\/div>\n\n\n\n<p>Pour \u00eatre \u00e9ligible \u00e0 cette aide, il faut que l\u2019a\u00e9roport le plus proche de chez vous soit couvert par&nbsp;<strong><a href=\"https:\/\/www.geoportail.gouv.fr\/donnees\/plan-de-gene-sonore-pgs\" target=\"_blank\" rel=\"noreferrer noopener\">un plan de g\u00eane sonore (PGS)<\/a><\/strong>, qui \u00e9value les niveaux de bruits dans diff\u00e9rentes zones, allant de la zone 1 \u00e0 la zone 3. Les plafonds accord\u00e9s varient en fonction du type d\u2019habitation, de la zone dans laquelle se situe votre logement ainsi que la pi\u00e8ce \u00e0 \u00e9quiper.<\/p>\n\n\n\n<ul class=\"wp-block-list\"><li>Pour un appartement, les aides peuvent atteindre jusqu\u2019\u00e0 2 500\u20ac en zone 1 (zone la plus soumise au bruit). Ce plafond peut tripler en fonction de certains crit\u00e8res.<\/li><li>Pour une maison, les aides peuvent atteindre jusqu\u2019\u00e0 6 250 \u20ac<\/li><\/ul>\n\n\n\n<p>Ainsi, si vous \u00eates \u00e9ligibles, vous pourrez b\u00e9n\u00e9ficier d\u2019une<strong>&nbsp;aide pour financer le remplacement de vos menuiseries<\/strong>&nbsp;par des mod\u00e8les plus performants sur le plan phonique et thermique.<\/p>\n\n\n\n<p>Pour en savoir plus,&nbsp;<a href=\"https:\/\/www.service-public.fr\/particuliers\/vosdroits\/F1702\" target=\"_blank\" rel=\"noreferrer noopener\">contacter l\u2019a\u00e9roport le plus proche de chez vous.<\/a><\/p>\n\n\n\n<div style=\"height:40px\" aria-hidden=\"true\" class=\"wp-block-spacer\"><\/div>\n\n\n\n<div class=\"wp-block-buttons is-content-justification-center is-layout-flex wp-container-core-buttons-is-layout-16018d1d wp-block-buttons-is-layout-flex\"><\/div>\n\n\n\n<div style=\"height:40px\" aria-hidden=\"true\" class=\"wp-block-spacer\"><\/div>\n","protected":false},"excerpt":{"rendered":"<p>Une porte d\u2019entr\u00e9e d\u00e9fectueuse peut entra\u00eener une perte de chaleur importante et compromettre la s\u00e9curit\u00e9 de votre domicile. Afin d\u2019encourager les propri\u00e9taires de logements individuels \u00e0 optimiser les performances \u00e9nerg\u00e9tiques de leur logement, l\u2019\u00c9tat propose diff\u00e9rentes aides financi\u00e8res pour&nbsp;changer votre porte d\u2019entr\u00e9e en 2024. L\u2019\u00e9co-PTZ : un pr\u00eat \u00e0 taux 0% pour favoriser la r\u00e9novation [&hellip;]<\/p>\n","protected":false},"author":20447,"featured_media":2732,"comment_status":"open","ping_status":"open","sticky":false,"template":"","format":"standard","meta":{"_acf_changed":false,"footnotes":""},"categories":[1],"tags":[],"class_list":["post-2712","post","type-post","status-publish","format-standard","has-post-thumbnail","hentry","category-non-classe"],"acf":[],"_links":{"self":[{"href":"https:\/\/www.swaopro.fr\/cms\/wp-json\/wp\/v2\/posts\/2712","targetHints":{"allow":["GET"]}}],"collection":[{"href":"https:\/\/www.swaopro.fr\/cms\/wp-json\/wp\/v2\/posts"}],"about":[{"href":"https:\/\/www.swaopro.fr\/cms\/wp-json\/wp\/v2\/types\/post"}],"author":[{"embeddable":true,"href":"https:\/\/www.swaopro.fr\/cms\/wp-json\/wp\/v2\/users\/20447"}],"replies":[{"embeddable":true,"href":"https:\/\/www.swaopro.fr\/cms\/wp-json\/wp\/v2\/comments?post=2712"}],"version-history":[{"count":8,"href":"https:\/\/www.swaopro.fr\/cms\/wp-json\/wp\/v2\/posts\/2712\/revisions"}],"predecessor-version":[{"id":2783,"href":"https:\/\/www.swaopro.fr\/cms\/wp-json\/wp\/v2\/posts\/2712\/revisions\/2783"}],"wp:featuredmedia":[{"embeddable":true,"href":"https:\/\/www.swaopro.fr\/cms\/wp-json\/wp\/v2\/media\/2732"}],"wp:attachment":[{"href":"https:\/\/www.swaopro.fr\/cms\/wp-json\/wp\/v2\/media?parent=2712"}],"wp:term":[{"taxonomy":"category","embeddable":true,"href":"https:\/\/www.swaopro.fr\/cms\/wp-json\/wp\/v2\/categories?post=2712"},{"taxonomy":"post_tag","embeddable":true,"href":"https:\/\/www.swaopro.fr\/cms\/wp-json\/wp\/v2\/tags?post=2712"}],"curies":[{"name":"wp","href":"https:\/\/api.w.org\/{rel}","templated":true}]}}