{"id":2721,"date":"2024-06-05T16:04:58","date_gmt":"2024-06-05T14:04:58","guid":{"rendered":"https:\/\/www.swaopro.fr\/cms\/?p=2721"},"modified":"2024-06-05T16:05:00","modified_gmt":"2024-06-05T14:05:00","slug":"maprimerenov-quelles-aides-pour-remplacer-mes-fenetres-en-2024","status":"publish","type":"post","link":"https:\/\/www.swaopro.fr\/cms\/2024\/06\/05\/maprimerenov-quelles-aides-pour-remplacer-mes-fenetres-en-2024\/","title":{"rendered":"MaPrimeR\u00e9nov\u2019 : Quelles aides pour remplacer mes fen\u00eatres en 2024 ?"},"content":{"rendered":"\n<p><em>Des fen\u00eatres anciennes ou mal isol\u00e9es peuvent repr\u00e9senter jusqu\u2019\u00e0 15% des pertes de chaleur de votre logement. Pour r\u00e9aliser des \u00e9conomies d\u2019\u00e9nergie et am\u00e9liorer votre confort, le remplacement de ces fen\u00eatres est essentiel. Dans cet article, d\u00e9couvrez comment&nbsp;<a rel=\"noreferrer noopener\" href=\"https:\/\/www.maprimerenov.gouv.fr\/\" target=\"_blank\">Ma Prime R\u00e9nov<\/a>&nbsp;peut vous soutenir dans ce projet.<\/em><\/p>\n\n\n\n<div style=\"height:40px\" aria-hidden=\"true\" class=\"wp-block-spacer\"><\/div>\n\n\n\n<h2 class=\"wp-block-heading\">Qu\u2019est-ce que MaPrimeR\u00e9nov ?<\/h2>\n\n\n\n<p>Lanc\u00e9e le 1\u1d49\u02b3 janvier 2020,&nbsp;<a href=\"https:\/\/www.economie.gouv.fr\/plan-de-relance\/mesures\/maprimerenov\" target=\"_blank\" rel=\"noreferrer noopener\">MaPrimeR\u00e9nov\u2019<\/a>&nbsp;est une aide publique vers\u00e9e par l\u2019\u00c9tat mise en place pour&nbsp;<strong>aider les propri\u00e9taires \u00e0 financer leurs travaux de r\u00e9novation&nbsp;<\/strong>pour am\u00e9liorer la&nbsp;<strong>performance \u00e9nerg\u00e9tique de leur logement.<\/strong><\/p>\n\n\n\n<div style=\"height:40px\" aria-hidden=\"true\" class=\"wp-block-spacer\"><\/div>\n\n\n\n<h3 class=\"wp-block-heading\">Quelles sont les conditions pour b\u00e9n\u00e9ficier de MaPrimeRenov ?<\/h3>\n\n\n\n<p><a rel=\"noreferrer noopener\" href=\"https:\/\/www.anah.gouv.fr\/anatheque\/le-guide-des-aides-financieres-2024\" target=\"_blank\">Au 1er janvier 2024, MaPrimeR\u00e9nov\u2019<\/a>&nbsp;est accessible \u00e0 tous les propri\u00e9taires occupants ou bailleurs de<strong>&nbsp;logements achev\u00e9s depuis plus de 15 ans<\/strong>&nbsp;\u00e0 condition que ce logement soit occup\u00e9 \u00e0 titre de r\u00e9sidence principale (ou lou\u00e9 en tant que r\u00e9sidence principale sur une dur\u00e9e d\u2019au moins 6 ans pour les propri\u00e9taires bailleurs).<\/p>\n\n\n\n<div style=\"height:40px\" aria-hidden=\"true\" class=\"wp-block-spacer\"><\/div>\n\n\n<div class=\"wp-block-image\">\n<figure class=\"aligncenter size-full is-resized\"><img loading=\"lazy\" decoding=\"async\" src=\"https:\/\/www.belmpro.fr\/wp-content\/uploads\/sites\/5\/2024\/05\/logo-maprimerenov-imagelarge-1.webp\" alt=\"\" class=\"wp-image-2722\" width=\"352\" height=\"220\" srcset=\"https:\/\/www.belmpro.fr\/wp-content\/uploads\/sites\/5\/2024\/05\/logo-maprimerenov-imagelarge-1.webp 719w, https:\/\/www.belmpro.fr\/wp-content\/uploads\/sites\/5\/2024\/05\/logo-maprimerenov-imagelarge-1-300x188.webp 300w, https:\/\/www.belmpro.fr\/wp-content\/uploads\/sites\/5\/2024\/05\/logo-maprimerenov-imagelarge-1-600x376.webp 600w\" sizes=\"auto, (max-width: 352px) 100vw, 352px\" \/><\/figure>\n<\/div>\n\n\n<div style=\"height:40px\" aria-hidden=\"true\" class=\"wp-block-spacer\"><\/div>\n\n\n\n<p>Elle s\u2019\u00e9tend \u00e9galement aux copropri\u00e9t\u00e9s pour les travaux dans les parties communes ou d\u2019int\u00e9r\u00eat collectif tels que l\u2019isolation des fen\u00eatres.<\/p>\n\n\n\n<figure class=\"wp-block-table\"><table><tbody><tr><td>\u00c0 noter : \u00c0&nbsp;<strong>partir du 1er janvier 2025<\/strong>&nbsp;MaPrimeR\u00e9nov\u2019 ne sera plus accessible pour les propri\u00e9taires de logements class\u00e9s F ou G. Ils seront par cons\u00e9quent r\u00e9orient\u00e9s vers&nbsp;<strong><a href=\"https:\/\/www.swao.fr\/conseils\/maprimerenov\/#maprimerenovparcoursaccompagne\">MaPrimeR\u00e9nov\u2019 Parcours Accompagn\u00e9.<\/a><\/strong><\/td><\/tr><\/tbody><\/table><\/figure>\n\n\n\n<h3 class=\"wp-block-heading\">Comment b\u00e9n\u00e9ficier de MaPrimeR\u00e9nov\u2019 pour mes fen\u00eatres ?<\/h3>\n\n\n\n<p>Le montant de la prime est forfaitaire et calcul\u00e9 en fonction<strong>&nbsp;des revenus du foyer<\/strong>&nbsp;et&nbsp;<strong>du gain \u00e9cologique&nbsp;<\/strong>permis par les travaux. Les plafonds des ressources ont \u00e9t\u00e9 cat\u00e9goris\u00e9s en quatre profils, allant du bleu pour les m\u00e9nages les plus modestes au rose pour les m\u00e9nages les plus ais\u00e9s, avec un profil sp\u00e9cifique pour les copropri\u00e9t\u00e9s.<\/p>\n\n\n\n<div style=\"height:40px\" aria-hidden=\"true\" class=\"wp-block-spacer\"><\/div>\n\n\n<div class=\"wp-block-image\">\n<figure class=\"aligncenter size-full is-resized\"><img loading=\"lazy\" decoding=\"async\" src=\"https:\/\/www.belmpro.fr\/wp-content\/uploads\/sites\/5\/2024\/05\/01-swao-fenetre-alu-ouvrant-discret-centre-9007-texture-300-ofg-1024x724-1.webp\" alt=\"\" class=\"wp-image-2723\" width=\"505\" height=\"356\" srcset=\"https:\/\/www.belmpro.fr\/wp-content\/uploads\/sites\/5\/2024\/05\/01-swao-fenetre-alu-ouvrant-discret-centre-9007-texture-300-ofg-1024x724-1.webp 1024w, https:\/\/www.belmpro.fr\/wp-content\/uploads\/sites\/5\/2024\/05\/01-swao-fenetre-alu-ouvrant-discret-centre-9007-texture-300-ofg-1024x724-1-300x212.webp 300w, https:\/\/www.belmpro.fr\/wp-content\/uploads\/sites\/5\/2024\/05\/01-swao-fenetre-alu-ouvrant-discret-centre-9007-texture-300-ofg-1024x724-1-768x543.webp 768w, https:\/\/www.belmpro.fr\/wp-content\/uploads\/sites\/5\/2024\/05\/01-swao-fenetre-alu-ouvrant-discret-centre-9007-texture-300-ofg-1024x724-1-600x424.webp 600w\" sizes=\"auto, (max-width: 505px) 100vw, 505px\" \/><\/figure>\n<\/div>\n\n\n<div style=\"height:40px\" aria-hidden=\"true\" class=\"wp-block-spacer\"><\/div>\n\n\n\n<p>Dans le cadre des fen\u00eatres, cette subvention ne s\u2019applique que pour \u00ab&nbsp;<strong>l\u2019isolation thermique des parois vitr\u00e9es en remplacement d\u2019un simple vitrage \u00bb<\/strong>. Vous n\u2019\u00eates donc \u00e9ligible que si vous&nbsp;<strong>remplacez vos fen\u00eatres simple vitrage par un double ou triple vitrage<\/strong>. Aussi, les nouvelles fen\u00eatres choisies doivent respecter des seuils de performance \u00e9nerg\u00e9tique bien pr\u00e9cis pour permettre de b\u00e9n\u00e9ficier de l\u2019aide.<\/p>\n\n\n\n<p>Enfin, pour b\u00e9n\u00e9ficier de cette subvention, vos travaux doivent obligatoirement \u00eatre r\u00e9alis\u00e9s par un&nbsp;<strong>artisan certifi\u00e9 Reconnu garant de l\u2019environnement (RGE)<\/strong>.<\/p>\n\n\n\n<p>Suite \u00e0 la parution du&nbsp;<strong>d\u00e9cret 2024-249 le 21 mars 2024<\/strong>,<strong>&nbsp;le changement de syst\u00e8me de chauffage ou d\u2019ECS n\u2019est plus obligatoire<\/strong>&nbsp;pour les maisons individuelles \u00e0 compter du 15\/05\/2024. Ainsi, les logements collectifs (appartement) ou individuels (maison) peuvent pr\u00e9tendre \u00e0 MaPrimeR\u00e9nov en ne r\u00e9alisant&nbsp;<strong>qu\u2019un seul geste d\u2019isolation<\/strong>&nbsp;(changement de fen\u00eatre par exemple).<\/p>\n\n\n\n<div class=\"wp-block-buttons is-content-justification-center is-layout-flex wp-container-core-buttons-is-layout-16018d1d wp-block-buttons-is-layout-flex\"><\/div>\n\n\n\n<div style=\"height:40px\" aria-hidden=\"true\" class=\"wp-block-spacer\"><\/div>\n\n\n\n<h3 class=\"wp-block-heading\">Quels sont les montants accord\u00e9s ?<\/h3>\n\n\n\n<p>Le montant de MaPrimeR\u00e9nov\u2019 pour le remplacement des fen\u00eatres varie en fonction des revenus :<\/p>\n\n\n\n<ul class=\"wp-block-list\"><li>100 \u20ac par fen\u00eatre pour les m\u00e9nages aux revenus tr\u00e8s modestes.*<\/li><li>80 \u20ac par fen\u00eatre pour les m\u00e9nages aux revenus modestes.*<\/li><li>40 \u20ac par fen\u00eatre pour les m\u00e9nages aux revenus interm\u00e9diaires.*<\/li><li>0 \u20ac pour les m\u00e9nages aux revenus sup\u00e9rieurs.*<\/li><\/ul>\n\n\n\n<p>*Se r\u00e9f\u00e9rer \u00e0 l\u2019annexe 1 ci-dessous pour visualiser le plafond des ressources au 1\u1d49\u02b3 janvier 2024.<\/p>\n\n\n\n<div style=\"height:40px\" aria-hidden=\"true\" class=\"wp-block-spacer\"><\/div>\n\n\n<div class=\"wp-block-image\">\n<figure class=\"aligncenter size-full is-resized\"><img loading=\"lazy\" decoding=\"async\" src=\"https:\/\/www.belmpro.fr\/wp-content\/uploads\/sites\/5\/2024\/05\/plafond-des-ressources-1024x292-1.webp\" alt=\"\" class=\"wp-image-2724\" width=\"725\" height=\"206\" srcset=\"https:\/\/www.belmpro.fr\/wp-content\/uploads\/sites\/5\/2024\/05\/plafond-des-ressources-1024x292-1.webp 1024w, https:\/\/www.belmpro.fr\/wp-content\/uploads\/sites\/5\/2024\/05\/plafond-des-ressources-1024x292-1-300x86.webp 300w, https:\/\/www.belmpro.fr\/wp-content\/uploads\/sites\/5\/2024\/05\/plafond-des-ressources-1024x292-1-768x219.webp 768w, https:\/\/www.belmpro.fr\/wp-content\/uploads\/sites\/5\/2024\/05\/plafond-des-ressources-1024x292-1-600x171.webp 600w\" sizes=\"auto, (max-width: 725px) 100vw, 725px\" \/><\/figure>\n<\/div>\n\n\n<figure class=\"wp-block-table\"><table><tbody><tr><td>Pour les propri\u00e9taires bailleurs aux revenus sup\u00e9rieurs, il est possible depuis le 1er janvier 2024 de b\u00e9n\u00e9ficier de&nbsp;<strong>MaPrimeR\u00e9nov\u2019 Parcours accompagn\u00e9<\/strong>&nbsp;(puis \u00e0 l\u2019ensemble des propri\u00e9taires bailleurs \u00e0 compter du 1er janvier 2025).<\/td><\/tr><\/tbody><\/table><\/figure>\n\n\n\n<h2 class=\"wp-block-heading\">Qu\u2019est-ce que MaPrimeR\u00e9nov\u2019 Parcours Accompagn\u00e9 ?<\/h2>\n\n\n\n<p><a rel=\"noreferrer noopener\" href=\"https:\/\/france-renov.gouv.fr\/aides\/maprimerenov-parcours-accompagne\" target=\"_blank\">MaPrimeR\u00e9nov\u2019 Parcours Accompagn\u00e9<\/a>&nbsp;finance&nbsp;<strong>une part importante des travaux de r\u00e9novation ambitieuse,&nbsp;<\/strong>peu<strong>&nbsp;<\/strong>importe la classe \u00e9nerg\u00e9tique du logement. Cette aide est recommand\u00e9e pour les logements ayant une consommation \u00e9nerg\u00e9tique importante, o\u00f9 plusieurs travaux compl\u00e9mentaires (isolation, chauffage, ventilation\u2026) sont n\u00e9cessaires pour gagner en confort de vie et faire des \u00e9conomies d\u2019\u00e9nergie importantes au quotidien.<\/p>\n\n\n\n<h3 class=\"wp-block-heading\"><strong><br>Comment b\u00e9n\u00e9ficier de MaPrimeR\u00e9nov Parcours Accompagn\u00e9 ?<\/strong><\/h3>\n\n\n\n<p>Cette aide est disponible pour tous les propri\u00e9taires, qu\u2019ils soient bailleurs ou occupants. Tout comme MaPrimeR\u00e9nov\u2019, les conditions pr\u00e9alables comprennent la n\u00e9cessit\u00e9 que la construction du logement ait \u00e9t\u00e9 achev\u00e9e depuis plus de 15 ans et qu\u2019il soit occup\u00e9 \u00e0 titre de r\u00e9sidence principale.<\/p>\n\n\n\n<p>Pour \u00eatre \u00e9ligibles, votre projet de r\u00e9novation doit<strong>&nbsp;contenir au moins 2 gestes d\u2019isolation de l\u2019enveloppe&nbsp;<\/strong>et repr\u00e9senter<strong>&nbsp;au moins 25% des surfaces par poste de travaux<\/strong>&nbsp;:<\/p>\n\n\n\n<ul class=\"wp-block-list\"><li>Isolation thermique des murs par l\u2019ext\u00e9rieur ou par l\u2019int\u00e9rieur<\/li><li>Isolation thermique des planchers bas<\/li><li>Isolation thermique de la toiture, combles perdus, toiture terrasse<\/li><li>Remplacement des fen\u00eatres et portes fen\u00eatre ou pose de doubles-fen\u00eatres,&nbsp;<strong>sans condition de remplacement de fen\u00eatres simple vitrage.<\/strong><\/li><\/ul>\n\n\n\n<div style=\"height:40px\" aria-hidden=\"true\" class=\"wp-block-spacer\"><\/div>\n\n\n<div class=\"wp-block-image\">\n<figure class=\"aligncenter size-full is-resized\"><img loading=\"lazy\" decoding=\"async\" src=\"https:\/\/www.belmpro.fr\/wp-content\/uploads\/sites\/5\/2024\/05\/primerenov-1.webp\" alt=\"\" class=\"wp-image-2725\" width=\"563\" height=\"287\" srcset=\"https:\/\/www.belmpro.fr\/wp-content\/uploads\/sites\/5\/2024\/05\/primerenov-1.webp 724w, https:\/\/www.belmpro.fr\/wp-content\/uploads\/sites\/5\/2024\/05\/primerenov-1-300x153.webp 300w, https:\/\/www.belmpro.fr\/wp-content\/uploads\/sites\/5\/2024\/05\/primerenov-1-600x306.webp 600w\" sizes=\"auto, (max-width: 563px) 100vw, 563px\" \/><\/figure>\n<\/div>\n\n\n<div style=\"height:40px\" aria-hidden=\"true\" class=\"wp-block-spacer\"><\/div>\n\n\n\n<p>Dans le cadre du&nbsp;<strong>changement de vos fen\u00eatres<\/strong>, il est n\u00e9cessaire que celles-ci r\u00e9pondent aux niveaux de performances ci-dessous&nbsp;:<\/p>\n\n\n\n<ul class=\"wp-block-list\"><li><strong>Fen\u00eatres ou portes fen\u00eatres<\/strong>&nbsp;: Uw \u2264 1,3 W\/m\u00b2.K ET Sw \u2265 0.30 OU Uw \u2264 1,7 W\/m\u00b2.K ET Sw \u2265 0.36<\/li><li><strong>Fen\u00eatres en toitures&nbsp;<\/strong>: Uw \u2264 1,5 W\/m\u00b2.K ET Sw \u2264 0.36<\/li><li><strong>Doubles fen\u00eatres<\/strong>&nbsp;: Uw \u22641.8 W\/m\u00b2.K et Sw \u2265 0.32<\/li><\/ul>\n\n\n\n<figure class=\"wp-block-table\"><table><tbody><tr><td>\u00c0 noter : Au-del\u00e0 des crit\u00e8res de performances, il est n\u00e9cessaire que ces travaux permettent de gagner au moins 2 classes \u00e9nerg\u00e9tiques sur&nbsp;<a rel=\"noreferrer noopener\" href=\"https:\/\/www.ecologie.gouv.fr\/diagnostic-performance-energetique-dpe\" target=\"_blank\"><strong>le DPE du logement<\/strong><\/a>. De plus, dans le cadre de ces travaux,&nbsp;<strong>le recours \u00e0&nbsp;<a rel=\"noreferrer noopener\" href=\"https:\/\/france-renov.gouv.fr\/mon-accompagnateur-renov\" target=\"_blank\">Mon accompagnateur R\u00e9nov\u2019<\/a>&nbsp;est obligatoire.<\/strong><\/td><\/tr><\/tbody><\/table><\/figure>\n\n\n\n<h3 class=\"wp-block-heading\">Quels sont les montants accord\u00e9s par MaPrimeRenov\u2019 Parcours Accompagn\u00e9 ?<\/h3>\n\n\n\n<p>Les montants accord\u00e9s dans le cadre de cette aide sont calcul\u00e9s en<strong>&nbsp;taux de prise en charge<\/strong>&nbsp;sur le montant HT des travaux \u00e9ligibles (co\u00fbt du mat\u00e9riel et pose comprise). Une bonification de 10% peut \u00eatre appliqu\u00e9e \u00e0 ce taux si le logement est une passoire thermique (classe F ou G) et que les travaux permettent d\u2019atteindre une \u00e9tiquette D au minimum.<\/p>\n\n\n\n<div style=\"height:40px\" aria-hidden=\"true\" class=\"wp-block-spacer\"><\/div>\n\n\n<div class=\"wp-block-image\">\n<figure class=\"aligncenter size-full is-resized\"><img loading=\"lazy\" decoding=\"async\" src=\"https:\/\/www.belmpro.fr\/wp-content\/uploads\/sites\/5\/2024\/05\/tableau-maprimerenov-parcours-accompagne.webp\" alt=\"\" class=\"wp-image-2726\" width=\"665\" height=\"192\" srcset=\"https:\/\/www.belmpro.fr\/wp-content\/uploads\/sites\/5\/2024\/05\/tableau-maprimerenov-parcours-accompagne.webp 814w, https:\/\/www.belmpro.fr\/wp-content\/uploads\/sites\/5\/2024\/05\/tableau-maprimerenov-parcours-accompagne-300x87.webp 300w, https:\/\/www.belmpro.fr\/wp-content\/uploads\/sites\/5\/2024\/05\/tableau-maprimerenov-parcours-accompagne-768x222.webp 768w, https:\/\/www.belmpro.fr\/wp-content\/uploads\/sites\/5\/2024\/05\/tableau-maprimerenov-parcours-accompagne-600x173.webp 600w\" sizes=\"auto, (max-width: 665px) 100vw, 665px\" \/><\/figure>\n<\/div>\n\n\n<div class=\"wp-block-buttons is-content-justification-center is-layout-flex wp-container-core-buttons-is-layout-16018d1d wp-block-buttons-is-layout-flex\"><\/div>\n\n\n\n<div style=\"height:40px\" aria-hidden=\"true\" class=\"wp-block-spacer\"><\/div>\n\n\n\n<h2 class=\"wp-block-heading\">Les aides cumulables avec MaPrimeR\u00e9nov<\/h2>\n\n\n\n<p>MaPrimeR\u00e9nov\u2019 est cumulable avec d\u2019autres aides \u00e0 la r\u00e9novation \u00e9nerg\u00e9tique, sous certaines conditions.<\/p>\n\n\n\n<div style=\"height:40px\" aria-hidden=\"true\" class=\"wp-block-spacer\"><\/div>\n\n\n\n<h3 class=\"wp-block-heading\"><strong>CEE&nbsp;: certificats d\u2019\u00e9conomie d\u2019\u00e9nergie<\/strong><\/h3>\n\n\n\n<p>Les fournisseurs d\u2019\u00e9nergie<strong>&nbsp;<\/strong>peuvent offrir des&nbsp;<a href=\"https:\/\/www.ecologie.gouv.fr\/dispositif-des-certificats-deconomies-denergie\" target=\"_blank\" rel=\"noreferrer noopener\">aides financi\u00e8res aux particuliers pour soutenir la r\u00e9alisation de travaux<\/a>&nbsp;visant \u00e0&nbsp;<strong>am\u00e9liorer la performance \u00e9nerg\u00e9tique de leur logement,<\/strong>&nbsp;tels que l\u2019installation de fen\u00eatres, de fen\u00eatres de toiture ou de portes-fen\u00eatres compl\u00e8tes \u00e9quip\u00e9es de vitrages isolants. Selon les fournisseurs d\u2019\u00e9nergie s\u00e9lectionn\u00e9s, l\u2019aide peut rev\u00eatir diff\u00e9rentes formes, telles que des primes, des bons d\u2019achat ou des r\u00e9ductions.<\/p>\n\n\n<div class=\"wp-block-image\">\n<figure class=\"aligncenter size-full is-resized\"><img loading=\"lazy\" decoding=\"async\" src=\"https:\/\/www.belmpro.fr\/wp-content\/uploads\/sites\/5\/2024\/05\/cee-main-1024x333-1.webp\" alt=\"\" class=\"wp-image-2727\" width=\"458\" height=\"149\" srcset=\"https:\/\/www.belmpro.fr\/wp-content\/uploads\/sites\/5\/2024\/05\/cee-main-1024x333-1.webp 1024w, https:\/\/www.belmpro.fr\/wp-content\/uploads\/sites\/5\/2024\/05\/cee-main-1024x333-1-300x98.webp 300w, https:\/\/www.belmpro.fr\/wp-content\/uploads\/sites\/5\/2024\/05\/cee-main-1024x333-1-768x250.webp 768w, https:\/\/www.belmpro.fr\/wp-content\/uploads\/sites\/5\/2024\/05\/cee-main-1024x333-1-600x195.webp 600w\" sizes=\"auto, (max-width: 458px) 100vw, 458px\" \/><\/figure>\n<\/div>\n\n\n<p>Les b\u00e9n\u00e9ficiaires \u00e9ligibles comprennent les propri\u00e9taires occupants ou bailleurs, ainsi que les locataires, \u00e0 condition que le logement constitue une r\u00e9sidence principale ou secondaire achev\u00e9e depuis plus de 2 ans.<\/p>\n\n\n\n<div style=\"height:40px\" aria-hidden=\"true\" class=\"wp-block-spacer\"><\/div>\n\n\n\n<h3 class=\"wp-block-heading\"><strong>L\u2019\u00e9co-pr\u00eat \u00e0 taux z\u00e9ro (l\u2019\u00e9co-PTZ)<\/strong><\/h3>\n\n\n\n<p><strong><a href=\"https:\/\/www.service-public.fr\/particuliers\/vosdroits\/F19905\" target=\"_blank\" rel=\"noreferrer noopener\">L\u2019\u00e9co PTZ<\/a>&nbsp;est un pr\u00eat \u00e0 taux d\u2019int\u00e9r\u00eat nul<\/strong>, accessible sans condition de ressources pour financer vos travaux. Pour y \u00eatre \u00e9ligible, initiez des travaux de r\u00e9novation \u00e9nerg\u00e9tique dans un logement de plus de deux ans, occup\u00e9 en tant que r\u00e9sidence principale.<\/p>\n\n\n\n<p>Le montant varie, avec un plafond de 7 000 \u20ac pour le remplacement des fen\u00eatres et de 50 000 \u20ac pour un bouquet de travaux.<\/p>\n\n\n\n<div style=\"height:40px\" aria-hidden=\"true\" class=\"wp-block-spacer\"><\/div>\n\n\n\n<h3 class=\"wp-block-heading\">La taxe sur la valeur ajout\u00e9e : la TVA \u00e0 10% ou \u00e0 5,5%<\/h3>\n\n\n\n<p>L\u2019\u00c9tat a r\u00e9duit le taux de TVA afin de soutenir les travaux de r\u00e9novation \u00e9nerg\u00e9tique :<\/p>\n\n\n\n<ul class=\"wp-block-list\"><li><strong>TVA \u00e0 10% pour les travaux de r\u00e9novation<\/strong>, d\u2019am\u00e9lioration, de transformation, d\u2019am\u00e9nagement et d\u2019entretien<\/li><li><strong>TVA \u00e0 5,5% pour les travaux d\u2019am\u00e9lioration de la performance \u00e9nerg\u00e9tique<\/strong><\/li><\/ul>\n\n\n\n<p>Les travaux soumis \u00e0 la TVA 5,5% concernant les travaux d\u2019am\u00e9lioration de la performance \u00e9nerg\u00e9tiques mentionn\u00e9s dans<a href=\"https:\/\/www.legifrance.gouv.fr\/codes\/article_lc\/LEGIARTI000041963475\/2023-02-02\/\" target=\"_blank\" rel=\"noreferrer noopener\">&nbsp;l\u2019article 18 bis de l\u2019annexe IV du code g\u00e9n\u00e9ral des imp\u00f4ts et article 278-0 Bis A du CGI<\/a>. Ils concernent principalement les prestations li\u00e9es \u00e0 la main-d\u2019\u0153uvre et aux mat\u00e9riaux&nbsp;<strong>d\u2019isolation thermique des parois vitr\u00e9es<\/strong>&nbsp;r\u00e9pondant aux crit\u00e8res techniques de performances. Votre professionnel RGE ajustera le devis en tenant compte de cet avantage.<\/p>\n\n\n<div class=\"wp-block-image\">\n<figure class=\"aligncenter size-full\"><img loading=\"lazy\" decoding=\"async\" width=\"150\" height=\"150\" src=\"https:\/\/www.belmpro.fr\/wp-content\/uploads\/sites\/5\/2024\/05\/logo-tva-5pourcent-1.webp\" alt=\"\" class=\"wp-image-2728\" srcset=\"https:\/\/www.belmpro.fr\/wp-content\/uploads\/sites\/5\/2024\/05\/logo-tva-5pourcent-1.webp 150w, https:\/\/www.belmpro.fr\/wp-content\/uploads\/sites\/5\/2024\/05\/logo-tva-5pourcent-1-100x100.webp 100w\" sizes=\"auto, (max-width: 150px) 100vw, 150px\" \/><\/figure>\n<\/div>\n\n\n<figure class=\"wp-block-table\"><table><tbody><tr><td>\u00c0 noter : Le taux de TVA r\u00e9duit \u00e0 5,5% s\u2019applique \u00e0 tous, que vous soyez propri\u00e9taire bailleur, occupant, copropri\u00e9taire, ou en soci\u00e9t\u00e9 civile immobili\u00e8re. Valable pour les r\u00e9sidences principales ou secondaires, le logement doit avoir plus de deux ans apr\u00e8s les travaux.<\/td><\/tr><\/tbody><\/table><\/figure>\n\n\n\n<p>MaPrimeR\u00e9nov est \u00e9galement cumulables avec d\u2019autres aides, telles que les&nbsp;<a href=\"https:\/\/france-renov.gouv.fr\/aides\/collectivites-locales\" target=\"_blank\" rel=\"noreferrer noopener\">aides des collectivit\u00e9s locales<\/a>&nbsp;ou celles&nbsp;<a href=\"https:\/\/www.actionlogement.fr\/\" target=\"_blank\" rel=\"noreferrer noopener\">d\u2019action logement<\/a>.<\/p>\n\n\n\n<p>En conclusion,<strong>\u00a0MaPrimeR\u00e9nov\u2019\u00a0<\/strong>se positionne comme une solution efficace pour les propri\u00e9taires d\u00e9sireux de\u00a0remplacer leurs fen\u00eatres\u00a0afin d\u2019accro\u00eetre l\u2019efficacit\u00e9 \u00e9nerg\u00e9tique de leur logement. Cette aide s\u2019inscrit dans un contexte plus vaste de soutien financier, pouvant \u00eatre cumul\u00e9e avec diverses autres aides. Cette approche combin\u00e9e offre aux propri\u00e9taires une gamme d\u2019incitations pour la r\u00e9alisation de travaux \u00e9coresponsables, contribuant ainsi \u00e0 la transition \u00e9nerg\u00e9tique du parc immobilier.<\/p>\n\n\n\n<div class=\"wp-block-buttons is-content-justification-center is-layout-flex wp-container-core-buttons-is-layout-16018d1d wp-block-buttons-is-layout-flex\"><\/div>\n\n\n\n<div style=\"height:40px\" aria-hidden=\"true\" class=\"wp-block-spacer\"><\/div>\n","protected":false},"excerpt":{"rendered":"<p>Des fen\u00eatres anciennes ou mal isol\u00e9es peuvent repr\u00e9senter jusqu\u2019\u00e0 15% des pertes de chaleur de votre logement. Pour r\u00e9aliser des \u00e9conomies d\u2019\u00e9nergie et am\u00e9liorer votre confort, le remplacement de ces fen\u00eatres est essentiel. Dans cet article, d\u00e9couvrez comment&nbsp;Ma Prime R\u00e9nov&nbsp;peut vous soutenir dans ce projet. Qu\u2019est-ce que MaPrimeR\u00e9nov ? Lanc\u00e9e le 1\u1d49\u02b3 janvier 2020,&nbsp;MaPrimeR\u00e9nov\u2019&nbsp;est une [&hellip;]<\/p>\n","protected":false},"author":20447,"featured_media":2735,"comment_status":"open","ping_status":"open","sticky":false,"template":"","format":"standard","meta":{"_acf_changed":false,"footnotes":""},"categories":[1],"tags":[],"class_list":["post-2721","post","type-post","status-publish","format-standard","has-post-thumbnail","hentry","category-non-classe"],"acf":[],"_links":{"self":[{"href":"https:\/\/www.swaopro.fr\/cms\/wp-json\/wp\/v2\/posts\/2721","targetHints":{"allow":["GET"]}}],"collection":[{"href":"https:\/\/www.swaopro.fr\/cms\/wp-json\/wp\/v2\/posts"}],"about":[{"href":"https:\/\/www.swaopro.fr\/cms\/wp-json\/wp\/v2\/types\/post"}],"author":[{"embeddable":true,"href":"https:\/\/www.swaopro.fr\/cms\/wp-json\/wp\/v2\/users\/20447"}],"replies":[{"embeddable":true,"href":"https:\/\/www.swaopro.fr\/cms\/wp-json\/wp\/v2\/comments?post=2721"}],"version-history":[{"count":5,"href":"https:\/\/www.swaopro.fr\/cms\/wp-json\/wp\/v2\/posts\/2721\/revisions"}],"predecessor-version":[{"id":2782,"href":"https:\/\/www.swaopro.fr\/cms\/wp-json\/wp\/v2\/posts\/2721\/revisions\/2782"}],"wp:featuredmedia":[{"embeddable":true,"href":"https:\/\/www.swaopro.fr\/cms\/wp-json\/wp\/v2\/media\/2735"}],"wp:attachment":[{"href":"https:\/\/www.swaopro.fr\/cms\/wp-json\/wp\/v2\/media?parent=2721"}],"wp:term":[{"taxonomy":"category","embeddable":true,"href":"https:\/\/www.swaopro.fr\/cms\/wp-json\/wp\/v2\/categories?post=2721"},{"taxonomy":"post_tag","embeddable":true,"href":"https:\/\/www.swaopro.fr\/cms\/wp-json\/wp\/v2\/tags?post=2721"}],"curies":[{"name":"wp","href":"https:\/\/api.w.org\/{rel}","templated":true}]}}