{"id":3554,"date":"2026-02-04T10:24:34","date_gmt":"2026-02-04T09:24:34","guid":{"rendered":"https:\/\/www.swaopro.fr\/cms\/?p=3554"},"modified":"2026-02-04T10:24:34","modified_gmt":"2026-02-04T09:24:34","slug":"ultimo-pvc-la-nouvelle-generation-de-fenetre-pvc","status":"publish","type":"post","link":"https:\/\/www.swaopro.fr\/cms\/2026\/02\/04\/ultimo-pvc-la-nouvelle-generation-de-fenetre-pvc\/","title":{"rendered":"ULTIMO PVC : La nouvelle g\u00e9n\u00e9ration de fen\u00eatre PVC"},"content":{"rendered":"\n<div style=\"height:30px\" aria-hidden=\"true\" class=\"wp-block-spacer\"><\/div>\n\n\n\n<figure class=\"wp-block-image size-full is-resized\"><img loading=\"lazy\" decoding=\"async\" width=\"480\" height=\"200\" src=\"https:\/\/www.belmpro.fr\/wp-content\/uploads\/sites\/5\/2026\/02\/SWA_ULTIMO_Signature-mail.gif\" alt=\"\" class=\"wp-image-3570\" style=\"width:591px;height:auto\" \/><\/figure>\n\n\n\n<div style=\"height:30px\" aria-hidden=\"true\" class=\"wp-block-spacer\"><\/div>\n\n\n\n<figure class=\"wp-block-image size-large is-resized\"><img loading=\"lazy\" decoding=\"async\" width=\"1024\" height=\"165\" src=\"https:\/\/www.belmpro.fr\/wp-content\/uploads\/sites\/5\/2026\/02\/texte-header-ultimo@3x-1024x165.png\" alt=\"\" class=\"wp-image-3557\" style=\"width:592px;height:auto\" srcset=\"https:\/\/www.belmpro.fr\/wp-content\/uploads\/sites\/5\/2026\/02\/texte-header-ultimo@3x-1024x165.png 1024w, https:\/\/www.belmpro.fr\/wp-content\/uploads\/sites\/5\/2026\/02\/texte-header-ultimo@3x-300x48.png 300w, https:\/\/www.belmpro.fr\/wp-content\/uploads\/sites\/5\/2026\/02\/texte-header-ultimo@3x-768x124.png 768w, https:\/\/www.belmpro.fr\/wp-content\/uploads\/sites\/5\/2026\/02\/texte-header-ultimo@3x-1536x247.png 1536w, https:\/\/www.belmpro.fr\/wp-content\/uploads\/sites\/5\/2026\/02\/texte-header-ultimo@3x-2048x330.png 2048w, https:\/\/www.belmpro.fr\/wp-content\/uploads\/sites\/5\/2026\/02\/texte-header-ultimo@3x-600x97.png 600w\" sizes=\"auto, (max-width: 1024px) 100vw, 1024px\" \/><\/figure>\n\n\n\n<div style=\"height:30px\" aria-hidden=\"true\" class=\"wp-block-spacer\"><\/div>\n\n\n\n<figure class=\"wp-block-image size-full is-resized\"><img loading=\"lazy\" decoding=\"async\" width=\"901\" height=\"81\" src=\"https:\/\/www.belmpro.fr\/wp-content\/uploads\/sites\/5\/2026\/02\/la-fenetre-ultimo-pvc-cest@2x.png\" alt=\"\" class=\"wp-image-3558\" style=\"width:373px;height:auto\" srcset=\"https:\/\/www.belmpro.fr\/wp-content\/uploads\/sites\/5\/2026\/02\/la-fenetre-ultimo-pvc-cest@2x.png 901w, https:\/\/www.belmpro.fr\/wp-content\/uploads\/sites\/5\/2026\/02\/la-fenetre-ultimo-pvc-cest@2x-300x27.png 300w, https:\/\/www.belmpro.fr\/wp-content\/uploads\/sites\/5\/2026\/02\/la-fenetre-ultimo-pvc-cest@2x-768x69.png 768w, https:\/\/www.belmpro.fr\/wp-content\/uploads\/sites\/5\/2026\/02\/la-fenetre-ultimo-pvc-cest@2x-600x54.png 600w\" sizes=\"auto, (max-width: 901px) 100vw, 901px\" \/><\/figure>\n\n\n\n<div style=\"height:30px\" aria-hidden=\"true\" class=\"wp-block-spacer\"><\/div>\n\n\n\n<figure class=\"wp-block-image size-large is-resized\"><img loading=\"lazy\" decoding=\"async\" width=\"902\" height=\"1024\" src=\"https:\/\/www.belmpro.fr\/wp-content\/uploads\/sites\/5\/2026\/02\/grille-visuels-ultimo-copie-3@3x-902x1024.png\" alt=\"\" class=\"wp-image-3559\" style=\"width:589px;height:auto\" srcset=\"https:\/\/www.belmpro.fr\/wp-content\/uploads\/sites\/5\/2026\/02\/grille-visuels-ultimo-copie-3@3x-902x1024.png 902w, https:\/\/www.belmpro.fr\/wp-content\/uploads\/sites\/5\/2026\/02\/grille-visuels-ultimo-copie-3@3x-264x300.png 264w, https:\/\/www.belmpro.fr\/wp-content\/uploads\/sites\/5\/2026\/02\/grille-visuels-ultimo-copie-3@3x-768x872.png 768w, https:\/\/www.belmpro.fr\/wp-content\/uploads\/sites\/5\/2026\/02\/grille-visuels-ultimo-copie-3@3x-1353x1536.png 1353w, https:\/\/www.belmpro.fr\/wp-content\/uploads\/sites\/5\/2026\/02\/grille-visuels-ultimo-copie-3@3x-1804x2048.png 1804w, https:\/\/www.belmpro.fr\/wp-content\/uploads\/sites\/5\/2026\/02\/grille-visuels-ultimo-copie-3@3x-600x681.png 600w\" sizes=\"auto, (max-width: 902px) 100vw, 902px\" \/><\/figure>\n\n\n\n<div style=\"height:30px\" aria-hidden=\"true\" class=\"wp-block-spacer\"><\/div>\n\n\n\n<p>ULTIMO PVC vient en remplacement de l&#8217;ALTIMO PVC pour r\u00e9inventer le PVC \u00e0 travers une\u00a0<strong>esth\u00e9tique plus \u00e9pur\u00e9e<\/strong>, aux\u00a0<strong>lignes droites et \u00e9quilibr\u00e9es<\/strong>, pour s\u2019int\u00e9grer parfaitement dans les projets d\u2019architecture actuels.\u00a0<\/p>\n\n\n\n<div style=\"height:10px\" aria-hidden=\"true\" class=\"wp-block-spacer\"><\/div>\n\n\n\n<p>ULTIMO PVC, c&#8217;est aussi de nombreuses\u00a0<strong>possibilit\u00e9s de personnalisation<\/strong>. Avec\u00a0<strong>plus de 20 teintes disponibles<\/strong>, le PVC est un mat\u00e9riau polyvalent.<\/p>\n\n\n\n<div style=\"height:30px\" aria-hidden=\"true\" class=\"wp-block-spacer\"><\/div>\n\n\n\n<figure class=\"wp-block-image size-full is-resized\"><img loading=\"lazy\" decoding=\"async\" width=\"923\" height=\"84\" src=\"https:\/\/www.belmpro.fr\/wp-content\/uploads\/sites\/5\/2026\/02\/les-possibilites-de-personnalisation@2x.png\" alt=\"\" class=\"wp-image-3560\" style=\"width:442px;height:auto\" srcset=\"https:\/\/www.belmpro.fr\/wp-content\/uploads\/sites\/5\/2026\/02\/les-possibilites-de-personnalisation@2x.png 923w, https:\/\/www.belmpro.fr\/wp-content\/uploads\/sites\/5\/2026\/02\/les-possibilites-de-personnalisation@2x-300x27.png 300w, https:\/\/www.belmpro.fr\/wp-content\/uploads\/sites\/5\/2026\/02\/les-possibilites-de-personnalisation@2x-768x70.png 768w, https:\/\/www.belmpro.fr\/wp-content\/uploads\/sites\/5\/2026\/02\/les-possibilites-de-personnalisation@2x-600x55.png 600w\" sizes=\"auto, (max-width: 923px) 100vw, 923px\" \/><\/figure>\n\n\n\n<div style=\"height:30px\" aria-hidden=\"true\" class=\"wp-block-spacer\"><\/div>\n\n\n\n<figure class=\"wp-block-image size-large is-resized\"><img loading=\"lazy\" decoding=\"async\" width=\"1024\" height=\"717\" src=\"https:\/\/www.belmpro.fr\/wp-content\/uploads\/sites\/5\/2026\/02\/plaxage-pvc@3x-1024x717.png\" alt=\"\" class=\"wp-image-3561\" style=\"width:585px;height:auto\" srcset=\"https:\/\/www.belmpro.fr\/wp-content\/uploads\/sites\/5\/2026\/02\/plaxage-pvc@3x-1024x717.png 1024w, https:\/\/www.belmpro.fr\/wp-content\/uploads\/sites\/5\/2026\/02\/plaxage-pvc@3x-300x210.png 300w, https:\/\/www.belmpro.fr\/wp-content\/uploads\/sites\/5\/2026\/02\/plaxage-pvc@3x-768x538.png 768w, https:\/\/www.belmpro.fr\/wp-content\/uploads\/sites\/5\/2026\/02\/plaxage-pvc@3x-1536x1076.png 1536w, https:\/\/www.belmpro.fr\/wp-content\/uploads\/sites\/5\/2026\/02\/plaxage-pvc@3x-2048x1435.png 2048w, https:\/\/www.belmpro.fr\/wp-content\/uploads\/sites\/5\/2026\/02\/plaxage-pvc@3x-600x420.png 600w\" sizes=\"auto, (max-width: 1024px) 100vw, 1024px\" \/><\/figure>\n\n\n\n<div style=\"height:30px\" aria-hidden=\"true\" class=\"wp-block-spacer\"><\/div>\n\n\n\n<figure class=\"wp-block-image size-full is-resized\"><img loading=\"lazy\" decoding=\"async\" width=\"970\" height=\"186\" src=\"https:\/\/www.belmpro.fr\/wp-content\/uploads\/sites\/5\/2026\/02\/decouvrez-ou-redecouvrez-ultimo-pvc-en-video@2x.png\" alt=\"\" class=\"wp-image-3562\" style=\"width:430px;height:auto\" srcset=\"https:\/\/www.belmpro.fr\/wp-content\/uploads\/sites\/5\/2026\/02\/decouvrez-ou-redecouvrez-ultimo-pvc-en-video@2x.png 970w, https:\/\/www.belmpro.fr\/wp-content\/uploads\/sites\/5\/2026\/02\/decouvrez-ou-redecouvrez-ultimo-pvc-en-video@2x-300x58.png 300w, https:\/\/www.belmpro.fr\/wp-content\/uploads\/sites\/5\/2026\/02\/decouvrez-ou-redecouvrez-ultimo-pvc-en-video@2x-768x147.png 768w, https:\/\/www.belmpro.fr\/wp-content\/uploads\/sites\/5\/2026\/02\/decouvrez-ou-redecouvrez-ultimo-pvc-en-video@2x-600x115.png 600w\" sizes=\"auto, (max-width: 970px) 100vw, 970px\" \/><\/figure>\n\n\n\n<div style=\"height:30px\" aria-hidden=\"true\" class=\"wp-block-spacer\"><\/div>\n\n\n\n<figure class=\"wp-block-embed is-type-video is-provider-youtube wp-block-embed-youtube wp-embed-aspect-16-9 wp-has-aspect-ratio\"><div class=\"wp-block-embed__wrapper\">\n<div class=\"ratio ratio-16x9\"><iframe loading=\"lazy\" title=\"Pr\u00e9sentation de la fen\u00eatre Ultimo PVC | SWAO\" width=\"800\" height=\"450\" src=\"https:\/\/www.youtube.com\/embed\/BVyWTEO6yVk?feature=oembed\" frameborder=\"0\" allow=\"accelerometer; autoplay; clipboard-write; encrypted-media; gyroscope; picture-in-picture; web-share\" referrerpolicy=\"strict-origin-when-cross-origin\" allowfullscreen><\/iframe><\/div>\n<\/div><\/figure>\n\n\n\n<div style=\"height:30px\" aria-hidden=\"true\" class=\"wp-block-spacer\"><\/div>\n\n\n\n<p>Pour en savoir plus sur la nouvelle g\u00e9n\u00e9ration de fen\u00eatre PVC,\u00a0<strong>d\u00e9couvrez l&#8217;ULTIMO PVC en d\u00e9tail sur notre site web<\/strong>\u00a0!<\/p>\n\n\n\n<div style=\"height:30px\" aria-hidden=\"true\" class=\"wp-block-spacer\"><\/div>\n\n\n\n<div class=\"wp-block-buttons is-layout-flex wp-block-buttons-is-layout-flex\">\n<div class=\"wp-block-button\"><a class=\"wp-block-button__link wp-element-button\" href=\"https:\/\/www.swao.fr\/product\/ultimo-pvc\/\"><strong><mark style=\"background-color:#00000000\" class=\"has-inline-color has-black-color\">D\u00e9couvrir la fen\u00eatre ULTIMO PVC<\/mark><\/strong><\/a><\/div>\n<\/div>\n\n\n\n<div style=\"height:30px\" aria-hidden=\"true\" class=\"wp-block-spacer\"><\/div>\n\n\n\n<p>La fen\u00eatre ULTIMO PVC sera disponible dans les outils de chiffrage le 24 f\u00e9vrier. <\/p>\n\n\n\n<p><\/p>\n","protected":false},"excerpt":{"rendered":"<p>ULTIMO PVC vient en remplacement de l&#8217;ALTIMO PVC pour r\u00e9inventer le PVC \u00e0 travers une\u00a0esth\u00e9tique plus \u00e9pur\u00e9e, aux\u00a0lignes droites et \u00e9quilibr\u00e9es, pour s\u2019int\u00e9grer parfaitement dans les projets d\u2019architecture actuels.\u00a0 ULTIMO PVC, c&#8217;est aussi de nombreuses\u00a0possibilit\u00e9s de personnalisation. Avec\u00a0plus de 20 teintes disponibles, le PVC est un mat\u00e9riau polyvalent. Pour en savoir plus sur la nouvelle [&hellip;]<\/p>\n","protected":false},"author":20447,"featured_media":3566,"comment_status":"open","ping_status":"open","sticky":false,"template":"","format":"standard","meta":{"_acf_changed":false,"footnotes":""},"categories":[1],"tags":[],"class_list":["post-3554","post","type-post","status-publish","format-standard","has-post-thumbnail","hentry","category-non-classe"],"acf":[],"_links":{"self":[{"href":"https:\/\/www.swaopro.fr\/cms\/wp-json\/wp\/v2\/posts\/3554","targetHints":{"allow":["GET"]}}],"collection":[{"href":"https:\/\/www.swaopro.fr\/cms\/wp-json\/wp\/v2\/posts"}],"about":[{"href":"https:\/\/www.swaopro.fr\/cms\/wp-json\/wp\/v2\/types\/post"}],"author":[{"embeddable":true,"href":"https:\/\/www.swaopro.fr\/cms\/wp-json\/wp\/v2\/users\/20447"}],"replies":[{"embeddable":true,"href":"https:\/\/www.swaopro.fr\/cms\/wp-json\/wp\/v2\/comments?post=3554"}],"version-history":[{"count":5,"href":"https:\/\/www.swaopro.fr\/cms\/wp-json\/wp\/v2\/posts\/3554\/revisions"}],"predecessor-version":[{"id":3571,"href":"https:\/\/www.swaopro.fr\/cms\/wp-json\/wp\/v2\/posts\/3554\/revisions\/3571"}],"wp:featuredmedia":[{"embeddable":true,"href":"https:\/\/www.swaopro.fr\/cms\/wp-json\/wp\/v2\/media\/3566"}],"wp:attachment":[{"href":"https:\/\/www.swaopro.fr\/cms\/wp-json\/wp\/v2\/media?parent=3554"}],"wp:term":[{"taxonomy":"category","embeddable":true,"href":"https:\/\/www.swaopro.fr\/cms\/wp-json\/wp\/v2\/categories?post=3554"},{"taxonomy":"post_tag","embeddable":true,"href":"https:\/\/www.swaopro.fr\/cms\/wp-json\/wp\/v2\/tags?post=3554"}],"curies":[{"name":"wp","href":"https:\/\/api.w.org\/{rel}","templated":true}]}}