{"id":3713,"date":"2026-04-29T09:26:52","date_gmt":"2026-04-29T07:26:52","guid":{"rendered":"https:\/\/www.swaopro.fr\/cms\/?p=3713"},"modified":"2026-04-29T09:26:52","modified_gmt":"2026-04-29T07:26:52","slug":"1er-septembre-2026-preparons-nous-a-la-facture-electronique","status":"publish","type":"post","link":"https:\/\/www.swaopro.fr\/cms\/2026\/04\/29\/1er-septembre-2026-preparons-nous-a-la-facture-electronique\/","title":{"rendered":"1er septembre 2026 : Pr\u00e9parons-nous \u00e0 la facture \u00e9lectronique"},"content":{"rendered":"\n<p>Ch\u00e8re cliente, cher client,<\/p>\n\n\n\n<div style=\"height:15px\" aria-hidden=\"true\" class=\"wp-block-spacer\"><\/div>\n\n\n\n<p>\u00c0 compter du 1<sup>er<\/sup> septembre 2026, la facturation \u00e9lectronique devient obligatoire pour la r\u00e9ception des factures. Cette r\u00e9forme nationale, pilot\u00e9e par l\u2019administration fiscale vise \u00e0 faciliter les \u00e9changes de factures, renforcer la s\u00e9curit\u00e9 et simplifier la gestion administrative.<\/p>\n\n\n\n<div style=\"height:15px\" aria-hidden=\"true\" class=\"wp-block-spacer\"><\/div>\n\n\n\n<p>Chez SWAO, nous nous sommes pr\u00e9par\u00e9s \u00e0 cette \u00e9volution majeure afin de vous garantir une facturation fiable, s\u00e9curis\u00e9e et sans rupture de service.<\/p>\n\n\n\n<p>D\u00e8s le 1<sup>er<\/sup> septembre, SWAO \u00e9mettra ses factures exclusivement au format \u00e9lectronique, via une plateforme agr\u00e9\u00e9e (PA) homologu\u00e9e par l\u2019\u00c9tat.<\/p>\n\n\n\n<p>Concr\u00e8tement, vos factures ne vous parviendront plus sous les anciens formats (papier, EDI, mail, &#8230;), elles seront d\u00e9pos\u00e9es et achemin\u00e9es par ce canal s\u00e9curis\u00e9, gr\u00e2ce \u00e0 une adresse de facturation \u00e9lectronique que vous aurez d\u00e9clar\u00e9e sur l\u2019annuaire de l\u2019\u00c9tat.<\/p>\n\n\n\n<div style=\"height:15px\" aria-hidden=\"true\" class=\"wp-block-spacer\"><\/div>\n\n\n\n<p>Afin d\u2019assurer un bon fonctionnement, nous avons besoin d\u00e8s \u00e0 pr\u00e9sent de quelques informations de votre part : <strong>nous vous invitons \u00e0 cet effet \u00e0 renseigner ce formulaire en ligne :<\/strong><\/p>\n\n\n\n<div style=\"height:30px\" aria-hidden=\"true\" class=\"wp-block-spacer\"><\/div>\n\n\n\n<div class=\"wp-block-buttons is-content-justification-center is-layout-flex wp-container-core-buttons-is-layout-16018d1d wp-block-buttons-is-layout-flex\">\n<div class=\"wp-block-button\"><a class=\"wp-block-button__link wp-element-button\" href=\"https:\/\/forms.office.com\/e\/2urMW6p7rS\">Compl\u00e9ter le formulaire<\/a><\/div>\n<\/div>\n\n\n\n<div style=\"height:30px\" aria-hidden=\"true\" class=\"wp-block-spacer\"><\/div>\n\n\n\n<p>Ces informations, indispensables pour garantir une mise en place fluide et conforme du futur processus, nous permettront de configurer efficacement votre acc\u00e8s \u00e0 la facturation \u00e9lectronique.<\/p>\n\n\n\n<div style=\"height:15px\" aria-hidden=\"true\" class=\"wp-block-spacer\"><\/div>\n\n\n\n<p>Vous souhaitez en savoir plus sur la facturation \u00e9lectronique ? Retrouvez l\u2019essentiel de la r\u00e9forme sur le site du gouvernement <a href=\"https:\/\/www.economie.gouv.fr\/tout-savoir-sur-la-facturation-electronique-pour-les-entreprises\">ici<\/a>&nbsp;et en consultant leur <a href=\"https:\/\/www.youtube.com\/watch?v=FoXJq-GfFrg&amp;feature=youtu.be\">vid\u00e9o<\/a>.<\/p>\n\n\n\n<div style=\"height:15px\" aria-hidden=\"true\" class=\"wp-block-spacer\"><\/div>\n\n\n\n<p>Nos \u00e9quipes restent bien s\u00fbr \u00e0 votre \u00e9coute. <\/p>\n\n\n\n<p>En cas de besoin sur ce sujet sp\u00e9cifique, vous pouvez contactez notre \u00e9quipe comptabilit\u00e9 \u00e0 l\u2019adresse mail suivante : <a href=\"mailto:facturation.electronique@cetih.eu\">facturation.electronique@cetih.eu<\/a><\/p>\n\n\n\n<div style=\"height:30px\" aria-hidden=\"true\" class=\"wp-block-spacer\"><\/div>\n\n\n\n<p><strong>L\u2019\u00e9quipe SWAO<\/strong><\/p>\n\n\n\n<p><\/p>\n","protected":false},"excerpt":{"rendered":"<p>Ch\u00e8re cliente, cher client, \u00c0 compter du 1er septembre 2026, la facturation \u00e9lectronique devient obligatoire pour la r\u00e9ception des factures. Cette r\u00e9forme nationale, pilot\u00e9e par l\u2019administration fiscale vise \u00e0 faciliter les \u00e9changes de factures, renforcer la s\u00e9curit\u00e9 et simplifier la gestion administrative. Chez SWAO, nous nous sommes pr\u00e9par\u00e9s \u00e0 cette \u00e9volution majeure afin de vous [&hellip;]<\/p>\n","protected":false},"author":20447,"featured_media":3714,"comment_status":"open","ping_status":"open","sticky":false,"template":"","format":"standard","meta":{"_acf_changed":false,"footnotes":""},"categories":[18],"tags":[],"class_list":["post-3713","post","type-post","status-publish","format-standard","has-post-thumbnail","hentry","category-outils-services"],"acf":[],"_links":{"self":[{"href":"https:\/\/www.swaopro.fr\/cms\/wp-json\/wp\/v2\/posts\/3713","targetHints":{"allow":["GET"]}}],"collection":[{"href":"https:\/\/www.swaopro.fr\/cms\/wp-json\/wp\/v2\/posts"}],"about":[{"href":"https:\/\/www.swaopro.fr\/cms\/wp-json\/wp\/v2\/types\/post"}],"author":[{"embeddable":true,"href":"https:\/\/www.swaopro.fr\/cms\/wp-json\/wp\/v2\/users\/20447"}],"replies":[{"embeddable":true,"href":"https:\/\/www.swaopro.fr\/cms\/wp-json\/wp\/v2\/comments?post=3713"}],"version-history":[{"count":5,"href":"https:\/\/www.swaopro.fr\/cms\/wp-json\/wp\/v2\/posts\/3713\/revisions"}],"predecessor-version":[{"id":3727,"href":"https:\/\/www.swaopro.fr\/cms\/wp-json\/wp\/v2\/posts\/3713\/revisions\/3727"}],"wp:featuredmedia":[{"embeddable":true,"href":"https:\/\/www.swaopro.fr\/cms\/wp-json\/wp\/v2\/media\/3714"}],"wp:attachment":[{"href":"https:\/\/www.swaopro.fr\/cms\/wp-json\/wp\/v2\/media?parent=3713"}],"wp:term":[{"taxonomy":"category","embeddable":true,"href":"https:\/\/www.swaopro.fr\/cms\/wp-json\/wp\/v2\/categories?post=3713"},{"taxonomy":"post_tag","embeddable":true,"href":"https:\/\/www.swaopro.fr\/cms\/wp-json\/wp\/v2\/tags?post=3713"}],"curies":[{"name":"wp","href":"https:\/\/api.w.org\/{rel}","templated":true}]}}